{"id":1374,"date":"2012-12-28T04:36:18","date_gmt":"2012-12-28T03:36:18","guid":{"rendered":"https:\/\/www.fondationrainbowbridge.org\/?p=1374"},"modified":"2019-05-16T16:35:48","modified_gmt":"2019-05-16T15:35:48","slug":"japon-fukushima-construction-dun-cafe-communautaire","status":"publish","type":"post","link":"https:\/\/www.fondationrainbowbridge.org\/ja\/2012\/12\/28\/japon-fukushima-construction-dun-cafe-communautaire\/","title":{"rendered":"Japon &#8211; Fukushima : construction d&#8217;un caf\u00e9 communautaire"},"content":{"rendered":"<p>Construction avec l&#8217;aide des adh\u00e9rents du Nominren (groupement de  fermiers ayant perdu leurs moyens de subsistance du fait de la contamination des mat\u00e9riels et r\u00e9coltes suite \u00e0 l&#8217;explosion de &nbsp;la centrale de Fukushima) et de jeunes b\u00e9n\u00e9voles  locaux d&#8217;un caf\u00e9 communautaire attenant au magasin de fruits et l\u00e9gumes  Sanchoku du Nominren.<\/p>\n<h2>Japon &#8211; Fukushima &#8211; Minami Soma &#8211; Caf\u00e9 communautaire<\/h2>\n<h3>Objectifs du Caf\u00e9<\/h3>\n<p>L&#8217;objectif est d&#8217;aider au red\u00e9marrage d&#8217;une activit\u00e9 \u00e9conomique les paysans locaux qui pourront vendre les produits agricoles import\u00e9s d&#8217;autres r\u00e9gions du Japon, test\u00e9s sur place avec preuves de provenance, et de leur caract\u00e8re propre \u00e0 la consommation.<\/p>\n<p>Le caf\u00e9 doit permettre aux consommateurs et aux paysans d&#8217;\u00e9changer, de rassurer et d&#8217;expliquer la d\u00e9marche entreprise.<\/p>\n<h3>Inauguration<\/h3>\n<p>Le caf\u00e9 et le magasin ont \u00e9t\u00e9 inaugur\u00e9s le 22 d\u00e9cembre 2012, en pr\u00e9sence de Miura san responsable du Nominren et des repr\u00e9sentants de Youkei Design, l&#8217;association d&#8217;architectes qui a permis sa r\u00e9alisation.<\/p>\n<h3>Budget<\/h3>\n<p>Le montant pris en charge par la fondation rainbow bridge en co-financement avec la Fondation de France est de 51,000euros.<\/p>\n<p>Ma\u00eetrise d&#8217;ouvrage : <a href=\"http:\/\/www.youkeidesign.org\/\" target=\"_blank\" title=\"Youkei Deisgn \">Youkei Design<\/a><\/p>","protected":false},"excerpt":{"rendered":"<p class=\"qtranxs-available-languages-message qtranxs-available-languages-message-ja\">\u7533\u3057\u8a33\u3042\u308a\u307e\u305b\u3093\u3001\u3053\u306e\u30b3\u30f3\u30c6\u30f3\u30c4\u306f\u305f\u3060\u4eca\u3000<a href=\"https:\/\/www.fondationrainbowbridge.org\/fr\/wp-json\/wp\/v2\/posts\/1374\" class=\"qtranxs-available-language-link qtranxs-available-language-link-fr\" title=\"Fran\u00e7ais\">Fran\u00e7ais<\/a>\u3000\u306e\u307f\u3067\u3059\u3002<\/p>\n","protected":false},"author":1,"featured_media":1580,"comment_status":"open","ping_status":"open","sticky":false,"template":"","format":"standard","meta":{"ngg_post_thumbnail":0,"footnotes":""},"categories":[16],"tags":[],"yoast_head":"<!-- This site is optimized with the Yoast SEO plugin v16.3 - https:\/\/yoast.com\/wordpress\/plugins\/seo\/ -->\n<title>Japon - Fukushima : construction d&#039;un caf\u00e9 communautaire - La Fondation Rainbow Bridge<\/title>\n<meta name=\"robots\" content=\"index, follow, max-snippet:-1, max-image-preview:large, max-video-preview:-1\" \/>\n<link rel=\"canonical\" href=\"http:\/\/www.fondationrainbowbridge.org\/en\/2012\/12\/28\/japon-fukushima-construction-dun-cafe-communautaire\/\" \/>\n<meta property=\"og:locale\" content=\"ja_JP\" \/>\n<meta property=\"og:type\" content=\"article\" \/>\n<meta property=\"og:title\" content=\"Japon - Fukushima : construction d&#039;un caf\u00e9 communautaire - La Fondation Rainbow Bridge\" \/>\n<meta property=\"og:description\" content=\"[:fr]Construction avec l&#039;aide des adh\u00e9rents du Nominren (groupement de fermiers ayant perdu leurs moyens de subsistance du fait de la contamination des mat\u00e9riels et r\u00e9coltes suite \u00e0 l&#039;explosion de &nbsp;la centrale de Fukushima) et de jeunes b\u00e9n\u00e9voles locaux d&#039;un caf\u00e9 communautaire attenant au magasin de fruits et l\u00e9gumes Sanchoku du Nominren.[:]\" \/>\n<meta property=\"og:url\" content=\"http:\/\/www.fondationrainbowbridge.org\/en\/2012\/12\/28\/japon-fukushima-construction-dun-cafe-communautaire\/\" \/>\n<meta property=\"og:site_name\" content=\"La Fondation Rainbow Bridge\" \/>\n<meta property=\"article:published_time\" content=\"2012-12-28T03:36:18+00:00\" \/>\n<meta property=\"article:modified_time\" content=\"2019-05-16T15:35:48+00:00\" \/>\n<meta property=\"og:image\" content=\"https:\/\/www.fondationrainbowbridge.org\/wp-content\/uploads\/2018\/10\/img_3846_0.jpg\" \/>\n\t<meta property=\"og:image:width\" content=\"240\" \/>\n\t<meta property=\"og:image:height\" content=\"320\" \/>\n<meta name=\"twitter:card\" content=\"summary\" \/>\n<meta name=\"twitter:label1\" content=\"\u63a8\u5b9a\u8aad\u66f8\u6642\u9593\">\n\t<meta name=\"twitter:data1\" content=\"3\u5206\">\n<script type=\"application\/ld+json\" class=\"yoast-schema-graph\">{\"@context\":\"https:\/\/schema.org\",\"@graph\":[{\"@type\":\"WebSite\",\"@id\":\"http:\/\/www.fondationrainbowbridge.org\/#website\",\"url\":\"http:\/\/www.fondationrainbowbridge.org\/\",\"name\":\"La Fondation Rainbow Bridge\",\"description\":\"\",\"potentialAction\":[{\"@type\":\"SearchAction\",\"target\":\"http:\/\/www.fondationrainbowbridge.org\/?s={search_term_string}\",\"query-input\":\"required name=search_term_string\"}],\"inLanguage\":\"ja\"},{\"@type\":\"ImageObject\",\"@id\":\"http:\/\/www.fondationrainbowbridge.org\/en\/2012\/12\/28\/japon-fukushima-construction-dun-cafe-communautaire\/#primaryimage\",\"inLanguage\":\"ja\",\"url\":\"\",\"contentUrl\":\"\"},{\"@type\":\"WebPage\",\"@id\":\"http:\/\/www.fondationrainbowbridge.org\/en\/2012\/12\/28\/japon-fukushima-construction-dun-cafe-communautaire\/#webpage\",\"url\":\"http:\/\/www.fondationrainbowbridge.org\/en\/2012\/12\/28\/japon-fukushima-construction-dun-cafe-communautaire\/\",\"name\":\"Japon - Fukushima : construction d'un caf\\u00e9 communautaire - La Fondation Rainbow Bridge\",\"isPartOf\":{\"@id\":\"http:\/\/www.fondationrainbowbridge.org\/#website\"},\"primaryImageOfPage\":{\"@id\":\"http:\/\/www.fondationrainbowbridge.org\/en\/2012\/12\/28\/japon-fukushima-construction-dun-cafe-communautaire\/#primaryimage\"},\"datePublished\":\"2012-12-28T03:36:18+00:00\",\"dateModified\":\"2019-05-16T15:35:48+00:00\",\"author\":{\"@id\":\"http:\/\/www.fondationrainbowbridge.org\/#\/schema\/person\/700bf0b2c9af3b9c27099ab7a69dfc9a\"},\"breadcrumb\":{\"@id\":\"http:\/\/www.fondationrainbowbridge.org\/en\/2012\/12\/28\/japon-fukushima-construction-dun-cafe-communautaire\/#breadcrumb\"},\"inLanguage\":\"ja\",\"potentialAction\":[{\"@type\":\"ReadAction\",\"target\":[\"http:\/\/www.fondationrainbowbridge.org\/en\/2012\/12\/28\/japon-fukushima-construction-dun-cafe-communautaire\/\"]}]},{\"@type\":\"BreadcrumbList\",\"@id\":\"http:\/\/www.fondationrainbowbridge.org\/en\/2012\/12\/28\/japon-fukushima-construction-dun-cafe-communautaire\/#breadcrumb\",\"itemListElement\":[{\"@type\":\"ListItem\",\"position\":1,\"item\":{\"@type\":\"WebPage\",\"@id\":\"http:\/\/www.fondationrainbowbridge.org\/\",\"url\":\"http:\/\/www.fondationrainbowbridge.org\/\",\"name\":\"Accueil\"}},{\"@type\":\"ListItem\",\"position\":2,\"item\":{\"@id\":\"http:\/\/www.fondationrainbowbridge.org\/en\/2012\/12\/28\/japon-fukushima-construction-dun-cafe-communautaire\/#webpage\"}}]},{\"@type\":\"Person\",\"@id\":\"http:\/\/www.fondationrainbowbridge.org\/#\/schema\/person\/700bf0b2c9af3b9c27099ab7a69dfc9a\",\"name\":\"melkhoulali\",\"image\":{\"@type\":\"ImageObject\",\"@id\":\"http:\/\/www.fondationrainbowbridge.org\/#personlogo\",\"inLanguage\":\"ja\",\"url\":\"https:\/\/secure.gravatar.com\/avatar\/dcb4d4a4e02b9d4d86c64ca106c938c9?s=96&d=mm&r=g\",\"contentUrl\":\"https:\/\/secure.gravatar.com\/avatar\/dcb4d4a4e02b9d4d86c64ca106c938c9?s=96&d=mm&r=g\",\"caption\":\"melkhoulali\"}}]}<\/script>\n<!-- \/ Yoast SEO plugin. -->","_links":{"self":[{"href":"https:\/\/www.fondationrainbowbridge.org\/ja\/wp-json\/wp\/v2\/posts\/1374"}],"collection":[{"href":"https:\/\/www.fondationrainbowbridge.org\/ja\/wp-json\/wp\/v2\/posts"}],"about":[{"href":"https:\/\/www.fondationrainbowbridge.org\/ja\/wp-json\/wp\/v2\/types\/post"}],"author":[{"embeddable":true,"href":"https:\/\/www.fondationrainbowbridge.org\/ja\/wp-json\/wp\/v2\/users\/1"}],"replies":[{"embeddable":true,"href":"https:\/\/www.fondationrainbowbridge.org\/ja\/wp-json\/wp\/v2\/comments?post=1374"}],"version-history":[{"count":3,"href":"https:\/\/www.fondationrainbowbridge.org\/ja\/wp-json\/wp\/v2\/posts\/1374\/revisions"}],"predecessor-version":[{"id":1752,"href":"https:\/\/www.fondationrainbowbridge.org\/ja\/wp-json\/wp\/v2\/posts\/1374\/revisions\/1752"}],"wp:featuredmedia":[{"embeddable":true,"href":"https:\/\/www.fondationrainbowbridge.org\/ja\/wp-json\/wp\/v2\/media\/1580"}],"wp:attachment":[{"href":"https:\/\/www.fondationrainbowbridge.org\/ja\/wp-json\/wp\/v2\/media?parent=1374"}],"wp:term":[{"taxonomy":"category","embeddable":true,"href":"https:\/\/www.fondationrainbowbridge.org\/ja\/wp-json\/wp\/v2\/categories?post=1374"},{"taxonomy":"post_tag","embeddable":true,"href":"https:\/\/www.fondationrainbowbridge.org\/ja\/wp-json\/wp\/v2\/tags?post=1374"}],"curies":[{"name":"wp","href":"https:\/\/api.w.org\/{rel}","templated":true}]}}